{"id":1918,"date":"2020-01-31T07:20:28","date_gmt":"2020-01-31T07:20:28","guid":{"rendered":"https:\/\/www.proquimiacosmetics.com\/noticias\/proquimia-se-lanza-al-negocio-de-la-perfumeria\/"},"modified":"2020-01-31T07:20:28","modified_gmt":"2020-01-31T07:20:28","slug":"proquimia-se-lanza-al-negocio-de-la-perfumeria","status":"publish","type":"post","link":"https:\/\/www.proquimiacosmetics.com\/fr\/noticias\/proquimia-se-lanza-al-negocio-de-la-perfumeria\/","title":{"rendered":"Proquimia se lanza al negocio de la perfumer\u00eda"},"content":{"rendered":"<blockquote><p>La firma vallesana abre una nueva l\u00ednea de negocio que ayudar\u00e1 a elevar la facturaci\u00f3n del grupo a 5 millones. Trabaja para las principales marcas internacionales del sector cosm\u00e9tico.<\/p><\/blockquote>\n<p>La firma vallesana\u00a0<strong>Proquimia Cosmetics<\/strong> ha decidido hacer un salto en su actividad y lanzarse de pleno en el sector de la\u00a0<strong>perfumer\u00eda<\/strong>, que hasta la fecha no hab\u00eda tratado. Se trata de un paso que la empresa califica de muy importante, dado que permitir\u00e1 incrementar la actividad de negocio y, consecuentemente, la\u00a0<strong>facturaci\u00f3n<\/strong>\u00a0a partir de la aplicaci?n de la experiencia que ya tiene en el \u00e1mbito de la\u00a0<strong>cosm\u00e9tica<\/strong>.<\/p>\n<p>Fundada hace m?s de 30 a?os por\u00a0<strong>Josep Llobet<\/strong>\u00a0y\u00a0<strong>Manel Lavega<\/strong>, la firma se ha dedicado desde su creaci\u00f3n a la fabricaci\u00f3n para terceros de todo tipo de\u00a0<strong>cosm\u00e9ticos<\/strong>\u00a0excepto los productos de color, de modo que produce de manera integral y desde la planta de\u00a0<strong>Ripollet<\/strong>\u00a0leches hidratantes, desodorantes o depilatorios, entre otros. \u201cElaboramos productos para marcas internacionales muy reconocidas que no podemos revelar por la privacidad de nuestros clientes, les desarrollamos la f\u00f3rmula, fabricamos el producto, lo envasamos y lo entregamos ya acabado\u201d, explica Joan Serra, director general de Proquimia Cosmetics.<\/p>\n<p>Desde su experiencia, y conocedor de lo que se hace en las diferentes gamas de producto en varias de las principales multinacionales del sector, Serra es reticente en pensar que la\u00a0<strong>calidad<\/strong>\u00a0de un producto no va vinculada a su\u00a0<strong>precio<\/strong>\u00a0de mercado. Desmiente, as\u00ed, los famosos rankings de\u00a0<strong>OCU<\/strong>, que apunta que la\u00a0<strong>mejor crema del mercado<\/strong>\u00a0cuesta tan solo 3 euros y corresponde a la marca blanca de un importante hipermercado. \u201cEs dudoso y provoca enfado en el sector, desde el 2013 es necesario aportar datos que demuestren que una crema anticelul\u00edtica, por ejemplo, tiene que contener un porcentaje m\u00ednimo de cafe\u00edna, y del mismo modo, cuantos mayores ingredientes se usen para mejorar una f\u00f3rmula, m?s caro ser? el producto\u201d, apunta.<\/p>\n<p>Del mismo modo, eso no significa, asegura, que el producto barato no sea bueno, pero se reafirma en que\u00a0<strong>el precio refleja<\/strong>\u00a0el proceso de elaboraci\u00f3n y mejora de la\u00a0<strong>f\u00f3rmula\u00a0con\u00a0ingredientes de calidad<\/strong>.\u00a0\u201cOtra cosa es lo que se gaste en\u00a0<strong>m\u00e1rketing<\/strong>\u00a0la firma para promocionar su producto, lo que tambi\u00e9n quedar? reflejado en el precio final\u201d, a\u00f1ade.<\/p>\n<p>Consolidados en el \u00e1mbito cosm\u00e9tico, ahora la firma ha decidido dar un nuevo paso para crecer a trav\u00e9s de una\u00a0<strong>ampliaci\u00f3n del negocio<\/strong>\u00a0en el \u00e1mbito de la\u00a0<strong>perfumer\u00eda.<\/strong> \u201cHasta la fecha hab\u00edamos hecho alguna\u00a0<strong>colonia<\/strong>\u00a0de baja graduaci\u00f3n para ni?os, pero ahora hemos apostado por invertir para hacer\u00a0<strong>perfumes<\/strong>\u00a0de marca, que requieren un tratamiento diferente, se tiene de macerar y dejar d?as y filtrarse antes de su envasado\u201d, explica Serra.<\/p>\n<p>Para ello han adquirido la maquinaria necesaria para tal fin, una\u00a0<strong>inversi\u00f3n<\/strong>\u00a0de 350.000 euros que se suma a la\u00a0<strong>infraestructura<\/strong>\u00a0ya existente y que tiene que sumar una facturaci\u00f3n de medio mill?n de euros \u00fanicamente con esta nueva l\u00ednea de negocio. Con ello, la firma, que cuenta con unos 40\u00a0<strong>trabajadores<\/strong>, espera superar la facturaci\u00f3n lograda en el 2016, que lleg\u00f3 a los 4,5 millones de euros, para obtener unos 5 millones en el 2017.<\/p>\n","protected":false},"excerpt":{"rendered":"<p>La firma vallesana abre una nueva l\u00ednea de negocio que ayudar\u00e1 a elevar la facturaci\u00f3n del grupo a 5 millones. Trabaja para las principales marcas internacionales del sector cosm\u00e9tico. La firma vallesana\u00a0Proquimia Cosmetics ha decidido hacer un salto en su actividad y lanzarse de pleno en el sector de la\u00a0perfumer\u00eda, que hasta la fecha no [&hellip;]<\/p>\n","protected":false},"author":2,"featured_media":1257,"comment_status":"open","ping_status":"open","sticky":false,"template":"","format":"standard","meta":{"inline_featured_image":false,"footnotes":""},"categories":[41],"tags":[],"class_list":["post-1918","post","type-post","status-publish","format-standard","has-post-thumbnail","hentry","category-economia-fr"],"yoast_head":"<!-- This site is optimized with the Yoast SEO plugin v24.5 - https:\/\/yoast.com\/wordpress\/plugins\/seo\/ -->\n<title>Proquimia se lanza al negocio de la perfumer\u00eda - Proquimia Cosmetics<\/title>\n<meta name=\"robots\" content=\"index, follow, max-snippet:-1, max-image-preview:large, max-video-preview:-1\" \/>\n<link rel=\"canonical\" href=\"https:\/\/www.proquimiacosmetics.com\/fr\/noticias\/proquimia-se-lanza-al-negocio-de-la-perfumeria\/\" \/>\n<meta property=\"og:locale\" content=\"fr_FR\" \/>\n<meta property=\"og:type\" content=\"article\" \/>\n<meta property=\"og:title\" content=\"Proquimia se lanza al negocio de la perfumer\u00eda - Proquimia Cosmetics\" \/>\n<meta property=\"og:description\" content=\"La firma vallesana abre una nueva l\u00ednea de negocio que ayudar\u00e1 a elevar la facturaci\u00f3n del grupo a 5 millones. Trabaja para las principales marcas internacionales del sector cosm\u00e9tico. La firma vallesana\u00a0Proquimia Cosmetics ha decidido hacer un salto en su actividad y lanzarse de pleno en el sector de la\u00a0perfumer\u00eda, que hasta la fecha no [&hellip;]\" \/>\n<meta property=\"og:url\" content=\"https:\/\/www.proquimiacosmetics.com\/fr\/noticias\/proquimia-se-lanza-al-negocio-de-la-perfumeria\/\" \/>\n<meta property=\"og:site_name\" content=\"Proquimia Cosmetics\" \/>\n<meta property=\"article:published_time\" content=\"2020-01-31T07:20:28+00:00\" \/>\n<meta property=\"og:image\" content=\"https:\/\/www.proquimiacosmetics.com\/wp-content\/uploads\/2019\/07\/bigstock-Man-With-Perfume-Happy-Man-Po-270180271.jpg\" \/>\n\t<meta property=\"og:image:width\" content=\"5365\" \/>\n\t<meta property=\"og:image:height\" content=\"3448\" \/>\n\t<meta property=\"og:image:type\" content=\"image\/jpeg\" \/>\n<meta name=\"author\" content=\"Joan Serra\" \/>\n<meta name=\"twitter:card\" content=\"summary_large_image\" \/>\n<meta name=\"twitter:label1\" content=\"\u00c9crit par\" \/>\n\t<meta name=\"twitter:data1\" content=\"Joan Serra\" \/>\n\t<meta name=\"twitter:label2\" content=\"Dur\u00e9e de lecture estim\u00e9e\" \/>\n\t<meta name=\"twitter:data2\" content=\"3 minutes\" \/>\n<script type=\"application\/ld+json\" class=\"yoast-schema-graph\">{\"@context\":\"https:\/\/schema.org\",\"@graph\":[{\"@type\":\"Article\",\"@id\":\"https:\/\/www.proquimiacosmetics.com\/fr\/noticias\/proquimia-se-lanza-al-negocio-de-la-perfumeria\/#article\",\"isPartOf\":{\"@id\":\"https:\/\/www.proquimiacosmetics.com\/fr\/noticias\/proquimia-se-lanza-al-negocio-de-la-perfumeria\/\"},\"author\":{\"name\":\"Joan Serra\",\"@id\":\"https:\/\/www.proquimiacosmetics.com\/fr\/#\/schema\/person\/bcb80897a8d4f74278a917926b634ae8\"},\"headline\":\"Proquimia se lanza al negocio de la perfumer\u00eda\",\"datePublished\":\"2020-01-31T07:20:28+00:00\",\"mainEntityOfPage\":{\"@id\":\"https:\/\/www.proquimiacosmetics.com\/fr\/noticias\/proquimia-se-lanza-al-negocio-de-la-perfumeria\/\"},\"wordCount\":561,\"commentCount\":0,\"publisher\":{\"@id\":\"https:\/\/www.proquimiacosmetics.com\/fr\/#organization\"},\"image\":{\"@id\":\"https:\/\/www.proquimiacosmetics.com\/fr\/noticias\/proquimia-se-lanza-al-negocio-de-la-perfumeria\/#primaryimage\"},\"thumbnailUrl\":\"https:\/\/www.proquimiacosmetics.com\/wp-content\/uploads\/2019\/07\/bigstock-Man-With-Perfume-Happy-Man-Po-270180271.jpg\",\"articleSection\":[\"Econom\u00eda\"],\"inLanguage\":\"fr-FR\",\"potentialAction\":[{\"@type\":\"CommentAction\",\"name\":\"Comment\",\"target\":[\"https:\/\/www.proquimiacosmetics.com\/fr\/noticias\/proquimia-se-lanza-al-negocio-de-la-perfumeria\/#respond\"]}]},{\"@type\":\"WebPage\",\"@id\":\"https:\/\/www.proquimiacosmetics.com\/fr\/noticias\/proquimia-se-lanza-al-negocio-de-la-perfumeria\/\",\"url\":\"https:\/\/www.proquimiacosmetics.com\/fr\/noticias\/proquimia-se-lanza-al-negocio-de-la-perfumeria\/\",\"name\":\"Proquimia se lanza al negocio de la perfumer\u00eda - Proquimia Cosmetics\",\"isPartOf\":{\"@id\":\"https:\/\/www.proquimiacosmetics.com\/fr\/#website\"},\"primaryImageOfPage\":{\"@id\":\"https:\/\/www.proquimiacosmetics.com\/fr\/noticias\/proquimia-se-lanza-al-negocio-de-la-perfumeria\/#primaryimage\"},\"image\":{\"@id\":\"https:\/\/www.proquimiacosmetics.com\/fr\/noticias\/proquimia-se-lanza-al-negocio-de-la-perfumeria\/#primaryimage\"},\"thumbnailUrl\":\"https:\/\/www.proquimiacosmetics.com\/wp-content\/uploads\/2019\/07\/bigstock-Man-With-Perfume-Happy-Man-Po-270180271.jpg\",\"datePublished\":\"2020-01-31T07:20:28+00:00\",\"breadcrumb\":{\"@id\":\"https:\/\/www.proquimiacosmetics.com\/fr\/noticias\/proquimia-se-lanza-al-negocio-de-la-perfumeria\/#breadcrumb\"},\"inLanguage\":\"fr-FR\",\"potentialAction\":[{\"@type\":\"ReadAction\",\"target\":[\"https:\/\/www.proquimiacosmetics.com\/fr\/noticias\/proquimia-se-lanza-al-negocio-de-la-perfumeria\/\"]}]},{\"@type\":\"ImageObject\",\"inLanguage\":\"fr-FR\",\"@id\":\"https:\/\/www.proquimiacosmetics.com\/fr\/noticias\/proquimia-se-lanza-al-negocio-de-la-perfumeria\/#primaryimage\",\"url\":\"https:\/\/www.proquimiacosmetics.com\/wp-content\/uploads\/2019\/07\/bigstock-Man-With-Perfume-Happy-Man-Po-270180271.jpg\",\"contentUrl\":\"https:\/\/www.proquimiacosmetics.com\/wp-content\/uploads\/2019\/07\/bigstock-Man-With-Perfume-Happy-Man-Po-270180271.jpg\",\"width\":5365,\"height\":3448},{\"@type\":\"BreadcrumbList\",\"@id\":\"https:\/\/www.proquimiacosmetics.com\/fr\/noticias\/proquimia-se-lanza-al-negocio-de-la-perfumeria\/#breadcrumb\",\"itemListElement\":[{\"@type\":\"ListItem\",\"position\":1,\"name\":\"Portada\",\"item\":\"https:\/\/www.proquimiacosmetics.com\/fr\/\"},{\"@type\":\"ListItem\",\"position\":2,\"name\":\"Proquimia se lanza al negocio de la perfumer\u00eda\"}]},{\"@type\":\"WebSite\",\"@id\":\"https:\/\/www.proquimiacosmetics.com\/fr\/#website\",\"url\":\"https:\/\/www.proquimiacosmetics.com\/fr\/\",\"name\":\"Proquimia Cosmetics\",\"description\":\"Private label cosmetics manufacturer for leading brands worldwide\",\"publisher\":{\"@id\":\"https:\/\/www.proquimiacosmetics.com\/fr\/#organization\"},\"potentialAction\":[{\"@type\":\"SearchAction\",\"target\":{\"@type\":\"EntryPoint\",\"urlTemplate\":\"https:\/\/www.proquimiacosmetics.com\/fr\/?s={search_term_string}\"},\"query-input\":{\"@type\":\"PropertyValueSpecification\",\"valueRequired\":true,\"valueName\":\"search_term_string\"}}],\"inLanguage\":\"fr-FR\"},{\"@type\":\"Organization\",\"@id\":\"https:\/\/www.proquimiacosmetics.com\/fr\/#organization\",\"name\":\"Proquimia Cosmetics\",\"url\":\"https:\/\/www.proquimiacosmetics.com\/fr\/\",\"logo\":{\"@type\":\"ImageObject\",\"inLanguage\":\"fr-FR\",\"@id\":\"https:\/\/www.proquimiacosmetics.com\/fr\/#\/schema\/logo\/image\/\",\"url\":\"https:\/\/www.proquimiacosmetics.com\/wp-content\/uploads\/2019\/06\/logo-proquimia.svg\",\"contentUrl\":\"https:\/\/www.proquimiacosmetics.com\/wp-content\/uploads\/2019\/06\/logo-proquimia.svg\",\"caption\":\"Proquimia Cosmetics\"},\"image\":{\"@id\":\"https:\/\/www.proquimiacosmetics.com\/fr\/#\/schema\/logo\/image\/\"}},{\"@type\":\"Person\",\"@id\":\"https:\/\/www.proquimiacosmetics.com\/fr\/#\/schema\/person\/bcb80897a8d4f74278a917926b634ae8\",\"name\":\"Joan Serra\",\"image\":{\"@type\":\"ImageObject\",\"inLanguage\":\"fr-FR\",\"@id\":\"https:\/\/www.proquimiacosmetics.com\/fr\/#\/schema\/person\/image\/\",\"url\":\"https:\/\/secure.gravatar.com\/avatar\/5e04cc6195da350d104d4e6bd9b868fb3ccb4e2707bdfd5ff741746a15271b31?s=96&d=mm&r=g\",\"contentUrl\":\"https:\/\/secure.gravatar.com\/avatar\/5e04cc6195da350d104d4e6bd9b868fb3ccb4e2707bdfd5ff741746a15271b31?s=96&d=mm&r=g\",\"caption\":\"Joan Serra\"},\"url\":\"https:\/\/www.proquimiacosmetics.com\/fr\/noticias\/author\/jserra\/\"}]}<\/script>\n<!-- \/ Yoast SEO plugin. -->","yoast_head_json":{"title":"Proquimia se lanza al negocio de la perfumer\u00eda - Proquimia Cosmetics","robots":{"index":"index","follow":"follow","max-snippet":"max-snippet:-1","max-image-preview":"max-image-preview:large","max-video-preview":"max-video-preview:-1"},"canonical":"https:\/\/www.proquimiacosmetics.com\/fr\/noticias\/proquimia-se-lanza-al-negocio-de-la-perfumeria\/","og_locale":"fr_FR","og_type":"article","og_title":"Proquimia se lanza al negocio de la perfumer\u00eda - Proquimia Cosmetics","og_description":"La firma vallesana abre una nueva l\u00ednea de negocio que ayudar\u00e1 a elevar la facturaci\u00f3n del grupo a 5 millones. Trabaja para las principales marcas internacionales del sector cosm\u00e9tico. La firma vallesana\u00a0Proquimia Cosmetics ha decidido hacer un salto en su actividad y lanzarse de pleno en el sector de la\u00a0perfumer\u00eda, que hasta la fecha no [&hellip;]","og_url":"https:\/\/www.proquimiacosmetics.com\/fr\/noticias\/proquimia-se-lanza-al-negocio-de-la-perfumeria\/","og_site_name":"Proquimia Cosmetics","article_published_time":"2020-01-31T07:20:28+00:00","og_image":[{"width":5365,"height":3448,"url":"https:\/\/www.proquimiacosmetics.com\/wp-content\/uploads\/2019\/07\/bigstock-Man-With-Perfume-Happy-Man-Po-270180271.jpg","type":"image\/jpeg"}],"author":"Joan Serra","twitter_card":"summary_large_image","twitter_misc":{"\u00c9crit par":"Joan Serra","Dur\u00e9e de lecture estim\u00e9e":"3 minutes"},"schema":{"@context":"https:\/\/schema.org","@graph":[{"@type":"Article","@id":"https:\/\/www.proquimiacosmetics.com\/fr\/noticias\/proquimia-se-lanza-al-negocio-de-la-perfumeria\/#article","isPartOf":{"@id":"https:\/\/www.proquimiacosmetics.com\/fr\/noticias\/proquimia-se-lanza-al-negocio-de-la-perfumeria\/"},"author":{"name":"Joan Serra","@id":"https:\/\/www.proquimiacosmetics.com\/fr\/#\/schema\/person\/bcb80897a8d4f74278a917926b634ae8"},"headline":"Proquimia se lanza al negocio de la perfumer\u00eda","datePublished":"2020-01-31T07:20:28+00:00","mainEntityOfPage":{"@id":"https:\/\/www.proquimiacosmetics.com\/fr\/noticias\/proquimia-se-lanza-al-negocio-de-la-perfumeria\/"},"wordCount":561,"commentCount":0,"publisher":{"@id":"https:\/\/www.proquimiacosmetics.com\/fr\/#organization"},"image":{"@id":"https:\/\/www.proquimiacosmetics.com\/fr\/noticias\/proquimia-se-lanza-al-negocio-de-la-perfumeria\/#primaryimage"},"thumbnailUrl":"https:\/\/www.proquimiacosmetics.com\/wp-content\/uploads\/2019\/07\/bigstock-Man-With-Perfume-Happy-Man-Po-270180271.jpg","articleSection":["Econom\u00eda"],"inLanguage":"fr-FR","potentialAction":[{"@type":"CommentAction","name":"Comment","target":["https:\/\/www.proquimiacosmetics.com\/fr\/noticias\/proquimia-se-lanza-al-negocio-de-la-perfumeria\/#respond"]}]},{"@type":"WebPage","@id":"https:\/\/www.proquimiacosmetics.com\/fr\/noticias\/proquimia-se-lanza-al-negocio-de-la-perfumeria\/","url":"https:\/\/www.proquimiacosmetics.com\/fr\/noticias\/proquimia-se-lanza-al-negocio-de-la-perfumeria\/","name":"Proquimia se lanza al negocio de la perfumer\u00eda - Proquimia Cosmetics","isPartOf":{"@id":"https:\/\/www.proquimiacosmetics.com\/fr\/#website"},"primaryImageOfPage":{"@id":"https:\/\/www.proquimiacosmetics.com\/fr\/noticias\/proquimia-se-lanza-al-negocio-de-la-perfumeria\/#primaryimage"},"image":{"@id":"https:\/\/www.proquimiacosmetics.com\/fr\/noticias\/proquimia-se-lanza-al-negocio-de-la-perfumeria\/#primaryimage"},"thumbnailUrl":"https:\/\/www.proquimiacosmetics.com\/wp-content\/uploads\/2019\/07\/bigstock-Man-With-Perfume-Happy-Man-Po-270180271.jpg","datePublished":"2020-01-31T07:20:28+00:00","breadcrumb":{"@id":"https:\/\/www.proquimiacosmetics.com\/fr\/noticias\/proquimia-se-lanza-al-negocio-de-la-perfumeria\/#breadcrumb"},"inLanguage":"fr-FR","potentialAction":[{"@type":"ReadAction","target":["https:\/\/www.proquimiacosmetics.com\/fr\/noticias\/proquimia-se-lanza-al-negocio-de-la-perfumeria\/"]}]},{"@type":"ImageObject","inLanguage":"fr-FR","@id":"https:\/\/www.proquimiacosmetics.com\/fr\/noticias\/proquimia-se-lanza-al-negocio-de-la-perfumeria\/#primaryimage","url":"https:\/\/www.proquimiacosmetics.com\/wp-content\/uploads\/2019\/07\/bigstock-Man-With-Perfume-Happy-Man-Po-270180271.jpg","contentUrl":"https:\/\/www.proquimiacosmetics.com\/wp-content\/uploads\/2019\/07\/bigstock-Man-With-Perfume-Happy-Man-Po-270180271.jpg","width":5365,"height":3448},{"@type":"BreadcrumbList","@id":"https:\/\/www.proquimiacosmetics.com\/fr\/noticias\/proquimia-se-lanza-al-negocio-de-la-perfumeria\/#breadcrumb","itemListElement":[{"@type":"ListItem","position":1,"name":"Portada","item":"https:\/\/www.proquimiacosmetics.com\/fr\/"},{"@type":"ListItem","position":2,"name":"Proquimia se lanza al negocio de la perfumer\u00eda"}]},{"@type":"WebSite","@id":"https:\/\/www.proquimiacosmetics.com\/fr\/#website","url":"https:\/\/www.proquimiacosmetics.com\/fr\/","name":"Proquimia Cosmetics","description":"Private label cosmetics manufacturer for leading brands worldwide","publisher":{"@id":"https:\/\/www.proquimiacosmetics.com\/fr\/#organization"},"potentialAction":[{"@type":"SearchAction","target":{"@type":"EntryPoint","urlTemplate":"https:\/\/www.proquimiacosmetics.com\/fr\/?s={search_term_string}"},"query-input":{"@type":"PropertyValueSpecification","valueRequired":true,"valueName":"search_term_string"}}],"inLanguage":"fr-FR"},{"@type":"Organization","@id":"https:\/\/www.proquimiacosmetics.com\/fr\/#organization","name":"Proquimia Cosmetics","url":"https:\/\/www.proquimiacosmetics.com\/fr\/","logo":{"@type":"ImageObject","inLanguage":"fr-FR","@id":"https:\/\/www.proquimiacosmetics.com\/fr\/#\/schema\/logo\/image\/","url":"https:\/\/www.proquimiacosmetics.com\/wp-content\/uploads\/2019\/06\/logo-proquimia.svg","contentUrl":"https:\/\/www.proquimiacosmetics.com\/wp-content\/uploads\/2019\/06\/logo-proquimia.svg","caption":"Proquimia Cosmetics"},"image":{"@id":"https:\/\/www.proquimiacosmetics.com\/fr\/#\/schema\/logo\/image\/"}},{"@type":"Person","@id":"https:\/\/www.proquimiacosmetics.com\/fr\/#\/schema\/person\/bcb80897a8d4f74278a917926b634ae8","name":"Joan Serra","image":{"@type":"ImageObject","inLanguage":"fr-FR","@id":"https:\/\/www.proquimiacosmetics.com\/fr\/#\/schema\/person\/image\/","url":"https:\/\/secure.gravatar.com\/avatar\/5e04cc6195da350d104d4e6bd9b868fb3ccb4e2707bdfd5ff741746a15271b31?s=96&d=mm&r=g","contentUrl":"https:\/\/secure.gravatar.com\/avatar\/5e04cc6195da350d104d4e6bd9b868fb3ccb4e2707bdfd5ff741746a15271b31?s=96&d=mm&r=g","caption":"Joan Serra"},"url":"https:\/\/www.proquimiacosmetics.com\/fr\/noticias\/author\/jserra\/"}]}},"_links":{"self":[{"href":"https:\/\/www.proquimiacosmetics.com\/fr\/wp-json\/wp\/v2\/posts\/1918","targetHints":{"allow":["GET"]}}],"collection":[{"href":"https:\/\/www.proquimiacosmetics.com\/fr\/wp-json\/wp\/v2\/posts"}],"about":[{"href":"https:\/\/www.proquimiacosmetics.com\/fr\/wp-json\/wp\/v2\/types\/post"}],"author":[{"embeddable":true,"href":"https:\/\/www.proquimiacosmetics.com\/fr\/wp-json\/wp\/v2\/users\/2"}],"replies":[{"embeddable":true,"href":"https:\/\/www.proquimiacosmetics.com\/fr\/wp-json\/wp\/v2\/comments?post=1918"}],"version-history":[{"count":0,"href":"https:\/\/www.proquimiacosmetics.com\/fr\/wp-json\/wp\/v2\/posts\/1918\/revisions"}],"wp:featuredmedia":[{"embeddable":true,"href":"https:\/\/www.proquimiacosmetics.com\/fr\/wp-json\/wp\/v2\/media\/1257"}],"wp:attachment":[{"href":"https:\/\/www.proquimiacosmetics.com\/fr\/wp-json\/wp\/v2\/media?parent=1918"}],"wp:term":[{"taxonomy":"category","embeddable":true,"href":"https:\/\/www.proquimiacosmetics.com\/fr\/wp-json\/wp\/v2\/categories?post=1918"},{"taxonomy":"post_tag","embeddable":true,"href":"https:\/\/www.proquimiacosmetics.com\/fr\/wp-json\/wp\/v2\/tags?post=1918"}],"curies":[{"name":"wp","href":"https:\/\/api.w.org\/{rel}","templated":true}]}}