{"id":1914,"date":"2020-01-31T07:19:03","date_gmt":"2020-01-31T07:19:03","guid":{"rendered":"https:\/\/www.proquimiacosmetics.com\/noticias\/proquimia-cosmetics-factura-cinco-millones-de-euros-en-2018-un-5-mas\/"},"modified":"2020-01-31T07:19:03","modified_gmt":"2020-01-31T07:19:03","slug":"proquimia-cosmetics-factura-cinco-millones-de-euros-en-2018-un-5-mas","status":"publish","type":"post","link":"https:\/\/www.proquimiacosmetics.com\/en\/noticias\/proquimia-cosmetics-factura-cinco-millones-de-euros-en-2018-un-5-mas\/","title":{"rendered":"Proquimia Cosmetics factura cinco millones de euros en 2018, un 5 % m\u00e1s"},"content":{"rendered":"<p>La firma Proquimia Cosmetics, dedicada a la fabricaci\u00f3n y envasado de productos cosm\u00e9ticos y de perfumer\u00eda, ha cerrado 2018 con una facturaci\u00f3n de 5 millones de euros, lo que supone un 5 % mas que el a\u00f1o anterior.<br \/>\nLa compa\u00f1\u00eda, con sede social en Ripollet (Barcelona), ha producido un total de 9 millones de unidades en unas instalaciones recientemente ampliadas que tienen una superficie global de m\u00e1s de 5.000 metros cuadrados.<br \/>\nEn un comunicado, el director general de Proquimia Cosmetics, Joan Serra, ha asegurado que el aumento de la actividad ha obligado a esta ampliaci\u00f3n, que les permitir\u00e1 as\u00ed &#8220;dar respuesta a las nuevas necesidades&#8221; del mercado.<\/p>\n<p>De cara a 2019, Proquimia Cosmetics, que cuenta con un centenar de clientes, pretende crecer en los mercados internacionales, y en especial aumentar los productos con destino a Francia.<\/p>\n<p>Con una plantilla integrada por 42 personas, esta empresa familiar, fundada en el a\u00f1o 1982, ofrece un servicio a sus clientes un proyecto integral que va desde el desarrollo de las f\u00f3rmulas hasta el empaquetado individual.<\/p>\n","protected":false},"excerpt":{"rendered":"<p>La firma Proquimia Cosmetics, dedicada a la fabricaci\u00f3n y envasado de productos cosm\u00e9ticos y de perfumer\u00eda, ha cerrado 2018 con una facturaci\u00f3n de 5 millones de euros, lo que supone un 5 % mas que el a\u00f1o anterior. La compa\u00f1\u00eda, con sede social en Ripollet (Barcelona), ha producido un total de 9 millones de unidades [&hellip;]<\/p>\n","protected":false},"author":2,"featured_media":1260,"comment_status":"open","ping_status":"open","sticky":false,"template":"","format":"standard","meta":{"inline_featured_image":false,"footnotes":""},"categories":[40],"tags":[],"class_list":["post-1914","post","type-post","status-publish","format-standard","has-post-thumbnail","hentry","category-economia-en"],"yoast_head":"<!-- This site is optimized with the Yoast SEO plugin v24.5 - https:\/\/yoast.com\/wordpress\/plugins\/seo\/ -->\n<title>Proquimia Cosmetics factura cinco millones de euros en 2018, un 5 % m\u00e1s - Proquimia Cosmetics<\/title>\n<meta name=\"robots\" content=\"index, follow, max-snippet:-1, max-image-preview:large, max-video-preview:-1\" \/>\n<link rel=\"canonical\" href=\"https:\/\/www.proquimiacosmetics.com\/en\/noticias\/proquimia-cosmetics-factura-cinco-millones-de-euros-en-2018-un-5-mas\/\" \/>\n<meta property=\"og:locale\" content=\"en_US\" \/>\n<meta property=\"og:type\" content=\"article\" \/>\n<meta property=\"og:title\" content=\"Proquimia Cosmetics factura cinco millones de euros en 2018, un 5 % m\u00e1s - Proquimia Cosmetics\" \/>\n<meta property=\"og:description\" content=\"La firma Proquimia Cosmetics, dedicada a la fabricaci\u00f3n y envasado de productos cosm\u00e9ticos y de perfumer\u00eda, ha cerrado 2018 con una facturaci\u00f3n de 5 millones de euros, lo que supone un 5 % mas que el a\u00f1o anterior. La compa\u00f1\u00eda, con sede social en Ripollet (Barcelona), ha producido un total de 9 millones de unidades [&hellip;]\" \/>\n<meta property=\"og:url\" content=\"https:\/\/www.proquimiacosmetics.com\/en\/noticias\/proquimia-cosmetics-factura-cinco-millones-de-euros-en-2018-un-5-mas\/\" \/>\n<meta property=\"og:site_name\" content=\"Proquimia Cosmetics\" \/>\n<meta property=\"article:published_time\" content=\"2020-01-31T07:19:03+00:00\" \/>\n<meta property=\"og:image\" content=\"https:\/\/www.proquimiacosmetics.com\/wp-content\/uploads\/2019\/07\/bigstock-White-Jar-Of-Cream-Green-Leav-301454032.jpg\" \/>\n\t<meta property=\"og:image:width\" content=\"4272\" \/>\n\t<meta property=\"og:image:height\" content=\"2848\" \/>\n\t<meta property=\"og:image:type\" content=\"image\/jpeg\" \/>\n<meta name=\"author\" content=\"Joan Serra\" \/>\n<meta name=\"twitter:card\" content=\"summary_large_image\" \/>\n<meta name=\"twitter:label1\" content=\"Written by\" \/>\n\t<meta name=\"twitter:data1\" content=\"Joan Serra\" \/>\n\t<meta name=\"twitter:label2\" content=\"Est. reading time\" \/>\n\t<meta name=\"twitter:data2\" content=\"1 minute\" \/>\n<script type=\"application\/ld+json\" class=\"yoast-schema-graph\">{\"@context\":\"https:\/\/schema.org\",\"@graph\":[{\"@type\":\"Article\",\"@id\":\"https:\/\/www.proquimiacosmetics.com\/en\/noticias\/proquimia-cosmetics-factura-cinco-millones-de-euros-en-2018-un-5-mas\/#article\",\"isPartOf\":{\"@id\":\"https:\/\/www.proquimiacosmetics.com\/en\/noticias\/proquimia-cosmetics-factura-cinco-millones-de-euros-en-2018-un-5-mas\/\"},\"author\":{\"name\":\"Joan Serra\",\"@id\":\"https:\/\/www.proquimiacosmetics.com\/en\/#\/schema\/person\/bcb80897a8d4f74278a917926b634ae8\"},\"headline\":\"Proquimia Cosmetics factura cinco millones de euros en 2018, un 5 % m\u00e1s\",\"datePublished\":\"2020-01-31T07:19:03+00:00\",\"mainEntityOfPage\":{\"@id\":\"https:\/\/www.proquimiacosmetics.com\/en\/noticias\/proquimia-cosmetics-factura-cinco-millones-de-euros-en-2018-un-5-mas\/\"},\"wordCount\":184,\"commentCount\":0,\"publisher\":{\"@id\":\"https:\/\/www.proquimiacosmetics.com\/en\/#organization\"},\"image\":{\"@id\":\"https:\/\/www.proquimiacosmetics.com\/en\/noticias\/proquimia-cosmetics-factura-cinco-millones-de-euros-en-2018-un-5-mas\/#primaryimage\"},\"thumbnailUrl\":\"https:\/\/www.proquimiacosmetics.com\/wp-content\/uploads\/2019\/07\/bigstock-White-Jar-Of-Cream-Green-Leav-301454032.jpg\",\"articleSection\":[\"Econom\u00eda\"],\"inLanguage\":\"en-US\",\"potentialAction\":[{\"@type\":\"CommentAction\",\"name\":\"Comment\",\"target\":[\"https:\/\/www.proquimiacosmetics.com\/en\/noticias\/proquimia-cosmetics-factura-cinco-millones-de-euros-en-2018-un-5-mas\/#respond\"]}]},{\"@type\":\"WebPage\",\"@id\":\"https:\/\/www.proquimiacosmetics.com\/en\/noticias\/proquimia-cosmetics-factura-cinco-millones-de-euros-en-2018-un-5-mas\/\",\"url\":\"https:\/\/www.proquimiacosmetics.com\/en\/noticias\/proquimia-cosmetics-factura-cinco-millones-de-euros-en-2018-un-5-mas\/\",\"name\":\"Proquimia Cosmetics factura cinco millones de euros en 2018, un 5 % m\u00e1s - Proquimia Cosmetics\",\"isPartOf\":{\"@id\":\"https:\/\/www.proquimiacosmetics.com\/en\/#website\"},\"primaryImageOfPage\":{\"@id\":\"https:\/\/www.proquimiacosmetics.com\/en\/noticias\/proquimia-cosmetics-factura-cinco-millones-de-euros-en-2018-un-5-mas\/#primaryimage\"},\"image\":{\"@id\":\"https:\/\/www.proquimiacosmetics.com\/en\/noticias\/proquimia-cosmetics-factura-cinco-millones-de-euros-en-2018-un-5-mas\/#primaryimage\"},\"thumbnailUrl\":\"https:\/\/www.proquimiacosmetics.com\/wp-content\/uploads\/2019\/07\/bigstock-White-Jar-Of-Cream-Green-Leav-301454032.jpg\",\"datePublished\":\"2020-01-31T07:19:03+00:00\",\"breadcrumb\":{\"@id\":\"https:\/\/www.proquimiacosmetics.com\/en\/noticias\/proquimia-cosmetics-factura-cinco-millones-de-euros-en-2018-un-5-mas\/#breadcrumb\"},\"inLanguage\":\"en-US\",\"potentialAction\":[{\"@type\":\"ReadAction\",\"target\":[\"https:\/\/www.proquimiacosmetics.com\/en\/noticias\/proquimia-cosmetics-factura-cinco-millones-de-euros-en-2018-un-5-mas\/\"]}]},{\"@type\":\"ImageObject\",\"inLanguage\":\"en-US\",\"@id\":\"https:\/\/www.proquimiacosmetics.com\/en\/noticias\/proquimia-cosmetics-factura-cinco-millones-de-euros-en-2018-un-5-mas\/#primaryimage\",\"url\":\"https:\/\/www.proquimiacosmetics.com\/wp-content\/uploads\/2019\/07\/bigstock-White-Jar-Of-Cream-Green-Leav-301454032.jpg\",\"contentUrl\":\"https:\/\/www.proquimiacosmetics.com\/wp-content\/uploads\/2019\/07\/bigstock-White-Jar-Of-Cream-Green-Leav-301454032.jpg\",\"width\":4272,\"height\":2848},{\"@type\":\"BreadcrumbList\",\"@id\":\"https:\/\/www.proquimiacosmetics.com\/en\/noticias\/proquimia-cosmetics-factura-cinco-millones-de-euros-en-2018-un-5-mas\/#breadcrumb\",\"itemListElement\":[{\"@type\":\"ListItem\",\"position\":1,\"name\":\"Portada\",\"item\":\"https:\/\/www.proquimiacosmetics.com\/en\/\"},{\"@type\":\"ListItem\",\"position\":2,\"name\":\"Proquimia Cosmetics factura cinco millones de euros en 2018, un 5 % m\u00e1s\"}]},{\"@type\":\"WebSite\",\"@id\":\"https:\/\/www.proquimiacosmetics.com\/en\/#website\",\"url\":\"https:\/\/www.proquimiacosmetics.com\/en\/\",\"name\":\"Proquimia Cosmetics\",\"description\":\"Private label cosmetics manufacturer for leading brands worldwide\",\"publisher\":{\"@id\":\"https:\/\/www.proquimiacosmetics.com\/en\/#organization\"},\"potentialAction\":[{\"@type\":\"SearchAction\",\"target\":{\"@type\":\"EntryPoint\",\"urlTemplate\":\"https:\/\/www.proquimiacosmetics.com\/en\/?s={search_term_string}\"},\"query-input\":{\"@type\":\"PropertyValueSpecification\",\"valueRequired\":true,\"valueName\":\"search_term_string\"}}],\"inLanguage\":\"en-US\"},{\"@type\":\"Organization\",\"@id\":\"https:\/\/www.proquimiacosmetics.com\/en\/#organization\",\"name\":\"Proquimia Cosmetics\",\"url\":\"https:\/\/www.proquimiacosmetics.com\/en\/\",\"logo\":{\"@type\":\"ImageObject\",\"inLanguage\":\"en-US\",\"@id\":\"https:\/\/www.proquimiacosmetics.com\/en\/#\/schema\/logo\/image\/\",\"url\":\"https:\/\/www.proquimiacosmetics.com\/wp-content\/uploads\/2019\/06\/logo-proquimia.svg\",\"contentUrl\":\"https:\/\/www.proquimiacosmetics.com\/wp-content\/uploads\/2019\/06\/logo-proquimia.svg\",\"caption\":\"Proquimia Cosmetics\"},\"image\":{\"@id\":\"https:\/\/www.proquimiacosmetics.com\/en\/#\/schema\/logo\/image\/\"}},{\"@type\":\"Person\",\"@id\":\"https:\/\/www.proquimiacosmetics.com\/en\/#\/schema\/person\/bcb80897a8d4f74278a917926b634ae8\",\"name\":\"Joan Serra\",\"image\":{\"@type\":\"ImageObject\",\"inLanguage\":\"en-US\",\"@id\":\"https:\/\/www.proquimiacosmetics.com\/en\/#\/schema\/person\/image\/\",\"url\":\"https:\/\/secure.gravatar.com\/avatar\/5e04cc6195da350d104d4e6bd9b868fb3ccb4e2707bdfd5ff741746a15271b31?s=96&d=mm&r=g\",\"contentUrl\":\"https:\/\/secure.gravatar.com\/avatar\/5e04cc6195da350d104d4e6bd9b868fb3ccb4e2707bdfd5ff741746a15271b31?s=96&d=mm&r=g\",\"caption\":\"Joan Serra\"},\"url\":\"https:\/\/www.proquimiacosmetics.com\/en\/noticias\/author\/jserra\/\"}]}<\/script>\n<!-- \/ Yoast SEO plugin. -->","yoast_head_json":{"title":"Proquimia Cosmetics factura cinco millones de euros en 2018, un 5 % m\u00e1s - Proquimia Cosmetics","robots":{"index":"index","follow":"follow","max-snippet":"max-snippet:-1","max-image-preview":"max-image-preview:large","max-video-preview":"max-video-preview:-1"},"canonical":"https:\/\/www.proquimiacosmetics.com\/en\/noticias\/proquimia-cosmetics-factura-cinco-millones-de-euros-en-2018-un-5-mas\/","og_locale":"en_US","og_type":"article","og_title":"Proquimia Cosmetics factura cinco millones de euros en 2018, un 5 % m\u00e1s - Proquimia Cosmetics","og_description":"La firma Proquimia Cosmetics, dedicada a la fabricaci\u00f3n y envasado de productos cosm\u00e9ticos y de perfumer\u00eda, ha cerrado 2018 con una facturaci\u00f3n de 5 millones de euros, lo que supone un 5 % mas que el a\u00f1o anterior. La compa\u00f1\u00eda, con sede social en Ripollet (Barcelona), ha producido un total de 9 millones de unidades [&hellip;]","og_url":"https:\/\/www.proquimiacosmetics.com\/en\/noticias\/proquimia-cosmetics-factura-cinco-millones-de-euros-en-2018-un-5-mas\/","og_site_name":"Proquimia Cosmetics","article_published_time":"2020-01-31T07:19:03+00:00","og_image":[{"width":4272,"height":2848,"url":"https:\/\/www.proquimiacosmetics.com\/wp-content\/uploads\/2019\/07\/bigstock-White-Jar-Of-Cream-Green-Leav-301454032.jpg","type":"image\/jpeg"}],"author":"Joan Serra","twitter_card":"summary_large_image","twitter_misc":{"Written by":"Joan Serra","Est. reading time":"1 minute"},"schema":{"@context":"https:\/\/schema.org","@graph":[{"@type":"Article","@id":"https:\/\/www.proquimiacosmetics.com\/en\/noticias\/proquimia-cosmetics-factura-cinco-millones-de-euros-en-2018-un-5-mas\/#article","isPartOf":{"@id":"https:\/\/www.proquimiacosmetics.com\/en\/noticias\/proquimia-cosmetics-factura-cinco-millones-de-euros-en-2018-un-5-mas\/"},"author":{"name":"Joan Serra","@id":"https:\/\/www.proquimiacosmetics.com\/en\/#\/schema\/person\/bcb80897a8d4f74278a917926b634ae8"},"headline":"Proquimia Cosmetics factura cinco millones de euros en 2018, un 5 % m\u00e1s","datePublished":"2020-01-31T07:19:03+00:00","mainEntityOfPage":{"@id":"https:\/\/www.proquimiacosmetics.com\/en\/noticias\/proquimia-cosmetics-factura-cinco-millones-de-euros-en-2018-un-5-mas\/"},"wordCount":184,"commentCount":0,"publisher":{"@id":"https:\/\/www.proquimiacosmetics.com\/en\/#organization"},"image":{"@id":"https:\/\/www.proquimiacosmetics.com\/en\/noticias\/proquimia-cosmetics-factura-cinco-millones-de-euros-en-2018-un-5-mas\/#primaryimage"},"thumbnailUrl":"https:\/\/www.proquimiacosmetics.com\/wp-content\/uploads\/2019\/07\/bigstock-White-Jar-Of-Cream-Green-Leav-301454032.jpg","articleSection":["Econom\u00eda"],"inLanguage":"en-US","potentialAction":[{"@type":"CommentAction","name":"Comment","target":["https:\/\/www.proquimiacosmetics.com\/en\/noticias\/proquimia-cosmetics-factura-cinco-millones-de-euros-en-2018-un-5-mas\/#respond"]}]},{"@type":"WebPage","@id":"https:\/\/www.proquimiacosmetics.com\/en\/noticias\/proquimia-cosmetics-factura-cinco-millones-de-euros-en-2018-un-5-mas\/","url":"https:\/\/www.proquimiacosmetics.com\/en\/noticias\/proquimia-cosmetics-factura-cinco-millones-de-euros-en-2018-un-5-mas\/","name":"Proquimia Cosmetics factura cinco millones de euros en 2018, un 5 % m\u00e1s - Proquimia Cosmetics","isPartOf":{"@id":"https:\/\/www.proquimiacosmetics.com\/en\/#website"},"primaryImageOfPage":{"@id":"https:\/\/www.proquimiacosmetics.com\/en\/noticias\/proquimia-cosmetics-factura-cinco-millones-de-euros-en-2018-un-5-mas\/#primaryimage"},"image":{"@id":"https:\/\/www.proquimiacosmetics.com\/en\/noticias\/proquimia-cosmetics-factura-cinco-millones-de-euros-en-2018-un-5-mas\/#primaryimage"},"thumbnailUrl":"https:\/\/www.proquimiacosmetics.com\/wp-content\/uploads\/2019\/07\/bigstock-White-Jar-Of-Cream-Green-Leav-301454032.jpg","datePublished":"2020-01-31T07:19:03+00:00","breadcrumb":{"@id":"https:\/\/www.proquimiacosmetics.com\/en\/noticias\/proquimia-cosmetics-factura-cinco-millones-de-euros-en-2018-un-5-mas\/#breadcrumb"},"inLanguage":"en-US","potentialAction":[{"@type":"ReadAction","target":["https:\/\/www.proquimiacosmetics.com\/en\/noticias\/proquimia-cosmetics-factura-cinco-millones-de-euros-en-2018-un-5-mas\/"]}]},{"@type":"ImageObject","inLanguage":"en-US","@id":"https:\/\/www.proquimiacosmetics.com\/en\/noticias\/proquimia-cosmetics-factura-cinco-millones-de-euros-en-2018-un-5-mas\/#primaryimage","url":"https:\/\/www.proquimiacosmetics.com\/wp-content\/uploads\/2019\/07\/bigstock-White-Jar-Of-Cream-Green-Leav-301454032.jpg","contentUrl":"https:\/\/www.proquimiacosmetics.com\/wp-content\/uploads\/2019\/07\/bigstock-White-Jar-Of-Cream-Green-Leav-301454032.jpg","width":4272,"height":2848},{"@type":"BreadcrumbList","@id":"https:\/\/www.proquimiacosmetics.com\/en\/noticias\/proquimia-cosmetics-factura-cinco-millones-de-euros-en-2018-un-5-mas\/#breadcrumb","itemListElement":[{"@type":"ListItem","position":1,"name":"Portada","item":"https:\/\/www.proquimiacosmetics.com\/en\/"},{"@type":"ListItem","position":2,"name":"Proquimia Cosmetics factura cinco millones de euros en 2018, un 5 % m\u00e1s"}]},{"@type":"WebSite","@id":"https:\/\/www.proquimiacosmetics.com\/en\/#website","url":"https:\/\/www.proquimiacosmetics.com\/en\/","name":"Proquimia Cosmetics","description":"Private label cosmetics manufacturer for leading brands worldwide","publisher":{"@id":"https:\/\/www.proquimiacosmetics.com\/en\/#organization"},"potentialAction":[{"@type":"SearchAction","target":{"@type":"EntryPoint","urlTemplate":"https:\/\/www.proquimiacosmetics.com\/en\/?s={search_term_string}"},"query-input":{"@type":"PropertyValueSpecification","valueRequired":true,"valueName":"search_term_string"}}],"inLanguage":"en-US"},{"@type":"Organization","@id":"https:\/\/www.proquimiacosmetics.com\/en\/#organization","name":"Proquimia Cosmetics","url":"https:\/\/www.proquimiacosmetics.com\/en\/","logo":{"@type":"ImageObject","inLanguage":"en-US","@id":"https:\/\/www.proquimiacosmetics.com\/en\/#\/schema\/logo\/image\/","url":"https:\/\/www.proquimiacosmetics.com\/wp-content\/uploads\/2019\/06\/logo-proquimia.svg","contentUrl":"https:\/\/www.proquimiacosmetics.com\/wp-content\/uploads\/2019\/06\/logo-proquimia.svg","caption":"Proquimia Cosmetics"},"image":{"@id":"https:\/\/www.proquimiacosmetics.com\/en\/#\/schema\/logo\/image\/"}},{"@type":"Person","@id":"https:\/\/www.proquimiacosmetics.com\/en\/#\/schema\/person\/bcb80897a8d4f74278a917926b634ae8","name":"Joan Serra","image":{"@type":"ImageObject","inLanguage":"en-US","@id":"https:\/\/www.proquimiacosmetics.com\/en\/#\/schema\/person\/image\/","url":"https:\/\/secure.gravatar.com\/avatar\/5e04cc6195da350d104d4e6bd9b868fb3ccb4e2707bdfd5ff741746a15271b31?s=96&d=mm&r=g","contentUrl":"https:\/\/secure.gravatar.com\/avatar\/5e04cc6195da350d104d4e6bd9b868fb3ccb4e2707bdfd5ff741746a15271b31?s=96&d=mm&r=g","caption":"Joan Serra"},"url":"https:\/\/www.proquimiacosmetics.com\/en\/noticias\/author\/jserra\/"}]}},"_links":{"self":[{"href":"https:\/\/www.proquimiacosmetics.com\/en\/wp-json\/wp\/v2\/posts\/1914","targetHints":{"allow":["GET"]}}],"collection":[{"href":"https:\/\/www.proquimiacosmetics.com\/en\/wp-json\/wp\/v2\/posts"}],"about":[{"href":"https:\/\/www.proquimiacosmetics.com\/en\/wp-json\/wp\/v2\/types\/post"}],"author":[{"embeddable":true,"href":"https:\/\/www.proquimiacosmetics.com\/en\/wp-json\/wp\/v2\/users\/2"}],"replies":[{"embeddable":true,"href":"https:\/\/www.proquimiacosmetics.com\/en\/wp-json\/wp\/v2\/comments?post=1914"}],"version-history":[{"count":0,"href":"https:\/\/www.proquimiacosmetics.com\/en\/wp-json\/wp\/v2\/posts\/1914\/revisions"}],"wp:featuredmedia":[{"embeddable":true,"href":"https:\/\/www.proquimiacosmetics.com\/en\/wp-json\/wp\/v2\/media\/1260"}],"wp:attachment":[{"href":"https:\/\/www.proquimiacosmetics.com\/en\/wp-json\/wp\/v2\/media?parent=1914"}],"wp:term":[{"taxonomy":"category","embeddable":true,"href":"https:\/\/www.proquimiacosmetics.com\/en\/wp-json\/wp\/v2\/categories?post=1914"},{"taxonomy":"post_tag","embeddable":true,"href":"https:\/\/www.proquimiacosmetics.com\/en\/wp-json\/wp\/v2\/tags?post=1914"}],"curies":[{"name":"wp","href":"https:\/\/api.w.org\/{rel}","templated":true}]}}